{"id":4730,"date":"2016-03-18T14:38:59","date_gmt":"2016-03-18T14:38:59","guid":{"rendered":"http:\/\/www.robert-kerr.com\/?p=4730"},"modified":"2017-11-03T16:16:25","modified_gmt":"2017-11-03T16:16:25","slug":"comme-un-air-de-printemps","status":"publish","type":"post","link":"https:\/\/www.robert-kerr.com\/fr\/2016\/03\/18\/comme-un-air-de-printemps\/","title":{"rendered":"Comme un air de Printemps&#8230;"},"content":{"rendered":"<p>A quelques jours du Printemps, la maison Robert Kerr vous fait d\u00e9couvrir ses toutes nouvelles collections dans sa boutique \u00e9ph\u00e9m\u00e8re de la rue de Babylone \u00e0 Paris. Des \u00e9toles aux couleurs in\u00e9dites tiss\u00e9es \u00e0 l\u2019ancienne aux nouvelles cravates roulott\u00e9es mains, tout le savoir faire de la maison Kerr s\u2019exprime ici dans de nouvelles mati\u00e8res d\u2019exception, o\u00f9 l\u00e9g\u00e8ret\u00e9, douceur et finesse sauront vous faire voyager.<\/p>\n<p>Venez nombreux au 51 rue de Babylone, Paris 7e ce Jeudi 17, Vendredi 18 et Samedi 19 mars de 10h00 \u00e0 19h00.<\/p>\n","protected":false},"excerpt":{"rendered":"<p>A quelques jours du Printemps, la maison Robert Kerr vous fait d\u00e9couvrir ses toutes nouvelles collections dans sa boutique \u00e9ph\u00e9m\u00e8re de la rue de Babylone \u00e0 Paris. Des \u00e9toles aux couleurs in\u00e9dites tiss\u00e9es \u00e0 l\u2019ancienne aux nouvelles cravates roulott\u00e9es mains, [&hellip;]<\/p>\n","protected":false},"author":1,"featured_media":4606,"comment_status":"open","ping_status":"open","sticky":false,"template":"","format":"gallery","meta":{"_acf_changed":false,"footnotes":""},"categories":[184,102,94,95,100,101],"tags":[241,255,261,262,244,263],"class_list":["post-4730","post","type-post","status-publish","format-gallery","has-post-thumbnail","hentry","category-boutiques","category-cravate","category-inspiration","category-journal","category-produit-rk","category-robert-kerr","tag-boutique-en","tag-boutique-ephemere","tag-createur","tag-ete","tag-paris-en","tag-printemps","post_format-post-format-gallery"],"acf":[],"yoast_head":"<!-- This site is optimized with the Yoast SEO plugin v25.4 - https:\/\/yoast.com\/wordpress\/plugins\/seo\/ -->\n<title>Comme un air de Printemps... - Maison Robert Kerr<\/title>\n<meta name=\"robots\" content=\"index, follow, max-snippet:-1, max-image-preview:large, max-video-preview:-1\" \/>\n<link rel=\"canonical\" href=\"https:\/\/www.robert-kerr.com\/fr\/2016\/03\/18\/comme-un-air-de-printemps\/\" \/>\n<meta property=\"og:locale\" content=\"fr_FR\" \/>\n<meta property=\"og:type\" content=\"article\" \/>\n<meta property=\"og:title\" content=\"Comme un air de Printemps... - Maison Robert Kerr\" \/>\n<meta property=\"og:description\" content=\"A quelques jours du Printemps, la maison Robert Kerr vous fait d\u00e9couvrir ses toutes nouvelles collections dans sa boutique \u00e9ph\u00e9m\u00e8re de la rue de Babylone \u00e0 Paris. Des \u00e9toles aux couleurs in\u00e9dites tiss\u00e9es \u00e0 l\u2019ancienne aux nouvelles cravates roulott\u00e9es mains, [&hellip;]\" \/>\n<meta property=\"og:url\" content=\"https:\/\/www.robert-kerr.com\/fr\/2016\/03\/18\/comme-un-air-de-printemps\/\" \/>\n<meta property=\"og:site_name\" content=\"Maison Robert Kerr\" \/>\n<meta property=\"article:published_time\" content=\"2016-03-18T14:38:59+00:00\" \/>\n<meta property=\"article:modified_time\" content=\"2017-11-03T16:16:25+00:00\" \/>\n<meta property=\"og:image\" content=\"https:\/\/www.robert-kerr.com\/wp-content\/uploads\/2015\/11\/20151114_172259.jpg\" \/>\n\t<meta property=\"og:image:width\" content=\"800\" \/>\n\t<meta property=\"og:image:height\" content=\"450\" \/>\n\t<meta property=\"og:image:type\" content=\"image\/jpeg\" \/>\n<meta name=\"author\" content=\"Jean-marc Prevost\" \/>\n<meta name=\"twitter:card\" content=\"summary_large_image\" \/>\n<meta name=\"twitter:label1\" content=\"\u00c9crit par\" \/>\n\t<meta name=\"twitter:data1\" content=\"Jean-marc Prevost\" \/>\n<script type=\"application\/ld+json\" class=\"yoast-schema-graph\">{\"@context\":\"https:\/\/schema.org\",\"@graph\":[{\"@type\":\"WebPage\",\"@id\":\"https:\/\/www.robert-kerr.com\/fr\/2016\/03\/18\/comme-un-air-de-printemps\/\",\"url\":\"https:\/\/www.robert-kerr.com\/fr\/2016\/03\/18\/comme-un-air-de-printemps\/\",\"name\":\"Comme un air de Printemps... - Maison Robert Kerr\",\"isPartOf\":{\"@id\":\"https:\/\/www.robert-kerr.com\/fr\/#website\"},\"primaryImageOfPage\":{\"@id\":\"https:\/\/www.robert-kerr.com\/fr\/2016\/03\/18\/comme-un-air-de-printemps\/#primaryimage\"},\"image\":{\"@id\":\"https:\/\/www.robert-kerr.com\/fr\/2016\/03\/18\/comme-un-air-de-printemps\/#primaryimage\"},\"thumbnailUrl\":\"https:\/\/www.robert-kerr.com\/wp-content\/uploads\/2015\/11\/20151114_172259.jpg\",\"datePublished\":\"2016-03-18T14:38:59+00:00\",\"dateModified\":\"2017-11-03T16:16:25+00:00\",\"author\":{\"@id\":\"https:\/\/www.robert-kerr.com\/fr\/#\/schema\/person\/2163454e91f6d4584fc1b5ecfd52c0b6\"},\"breadcrumb\":{\"@id\":\"https:\/\/www.robert-kerr.com\/fr\/2016\/03\/18\/comme-un-air-de-printemps\/#breadcrumb\"},\"inLanguage\":\"fr-FR\",\"potentialAction\":[{\"@type\":\"ReadAction\",\"target\":[\"https:\/\/www.robert-kerr.com\/fr\/2016\/03\/18\/comme-un-air-de-printemps\/\"]}]},{\"@type\":\"ImageObject\",\"inLanguage\":\"fr-FR\",\"@id\":\"https:\/\/www.robert-kerr.com\/fr\/2016\/03\/18\/comme-un-air-de-printemps\/#primaryimage\",\"url\":\"https:\/\/www.robert-kerr.com\/wp-content\/uploads\/2015\/11\/20151114_172259.jpg\",\"contentUrl\":\"https:\/\/www.robert-kerr.com\/wp-content\/uploads\/2015\/11\/20151114_172259.jpg\",\"width\":800,\"height\":450},{\"@type\":\"BreadcrumbList\",\"@id\":\"https:\/\/www.robert-kerr.com\/fr\/2016\/03\/18\/comme-un-air-de-printemps\/#breadcrumb\",\"itemListElement\":[{\"@type\":\"ListItem\",\"position\":1,\"name\":\"Accueil\",\"item\":\"https:\/\/www.robert-kerr.com\/fr\/\"},{\"@type\":\"ListItem\",\"position\":2,\"name\":\"Comme un air de Printemps&#8230;\"}]},{\"@type\":\"WebSite\",\"@id\":\"https:\/\/www.robert-kerr.com\/fr\/#website\",\"url\":\"https:\/\/www.robert-kerr.com\/fr\/\",\"name\":\"Maison Robert Kerr\",\"description\":\"Talored clothing for men &amp; women since 1948\",\"potentialAction\":[{\"@type\":\"SearchAction\",\"target\":{\"@type\":\"EntryPoint\",\"urlTemplate\":\"https:\/\/www.robert-kerr.com\/fr\/?s={search_term_string}\"},\"query-input\":{\"@type\":\"PropertyValueSpecification\",\"valueRequired\":true,\"valueName\":\"search_term_string\"}}],\"inLanguage\":\"fr-FR\"},{\"@type\":\"Person\",\"@id\":\"https:\/\/www.robert-kerr.com\/fr\/#\/schema\/person\/2163454e91f6d4584fc1b5ecfd52c0b6\",\"name\":\"Jean-marc Prevost\",\"image\":{\"@type\":\"ImageObject\",\"inLanguage\":\"fr-FR\",\"@id\":\"https:\/\/www.robert-kerr.com\/fr\/#\/schema\/person\/image\/\",\"url\":\"https:\/\/secure.gravatar.com\/avatar\/98d2b2cd23fbc92c698f98bcc8b7f84cf35af70f52c368fc8cfee19204f11737?s=96&d=mm&r=g\",\"contentUrl\":\"https:\/\/secure.gravatar.com\/avatar\/98d2b2cd23fbc92c698f98bcc8b7f84cf35af70f52c368fc8cfee19204f11737?s=96&d=mm&r=g\",\"caption\":\"Jean-marc Prevost\"},\"url\":\"https:\/\/www.robert-kerr.com\/fr\/author\/prevost\/\"}]}<\/script>\n<!-- \/ Yoast SEO plugin. -->","yoast_head_json":{"title":"Comme un air de Printemps... - Maison Robert Kerr","robots":{"index":"index","follow":"follow","max-snippet":"max-snippet:-1","max-image-preview":"max-image-preview:large","max-video-preview":"max-video-preview:-1"},"canonical":"https:\/\/www.robert-kerr.com\/fr\/2016\/03\/18\/comme-un-air-de-printemps\/","og_locale":"fr_FR","og_type":"article","og_title":"Comme un air de Printemps... - Maison Robert Kerr","og_description":"A quelques jours du Printemps, la maison Robert Kerr vous fait d\u00e9couvrir ses toutes nouvelles collections dans sa boutique \u00e9ph\u00e9m\u00e8re de la rue de Babylone \u00e0 Paris. Des \u00e9toles aux couleurs in\u00e9dites tiss\u00e9es \u00e0 l\u2019ancienne aux nouvelles cravates roulott\u00e9es mains, [&hellip;]","og_url":"https:\/\/www.robert-kerr.com\/fr\/2016\/03\/18\/comme-un-air-de-printemps\/","og_site_name":"Maison Robert Kerr","article_published_time":"2016-03-18T14:38:59+00:00","article_modified_time":"2017-11-03T16:16:25+00:00","og_image":[{"width":800,"height":450,"url":"https:\/\/www.robert-kerr.com\/wp-content\/uploads\/2015\/11\/20151114_172259.jpg","type":"image\/jpeg"}],"author":"Jean-marc Prevost","twitter_card":"summary_large_image","twitter_misc":{"\u00c9crit par":"Jean-marc Prevost"},"schema":{"@context":"https:\/\/schema.org","@graph":[{"@type":"WebPage","@id":"https:\/\/www.robert-kerr.com\/fr\/2016\/03\/18\/comme-un-air-de-printemps\/","url":"https:\/\/www.robert-kerr.com\/fr\/2016\/03\/18\/comme-un-air-de-printemps\/","name":"Comme un air de Printemps... - Maison Robert Kerr","isPartOf":{"@id":"https:\/\/www.robert-kerr.com\/fr\/#website"},"primaryImageOfPage":{"@id":"https:\/\/www.robert-kerr.com\/fr\/2016\/03\/18\/comme-un-air-de-printemps\/#primaryimage"},"image":{"@id":"https:\/\/www.robert-kerr.com\/fr\/2016\/03\/18\/comme-un-air-de-printemps\/#primaryimage"},"thumbnailUrl":"https:\/\/www.robert-kerr.com\/wp-content\/uploads\/2015\/11\/20151114_172259.jpg","datePublished":"2016-03-18T14:38:59+00:00","dateModified":"2017-11-03T16:16:25+00:00","author":{"@id":"https:\/\/www.robert-kerr.com\/fr\/#\/schema\/person\/2163454e91f6d4584fc1b5ecfd52c0b6"},"breadcrumb":{"@id":"https:\/\/www.robert-kerr.com\/fr\/2016\/03\/18\/comme-un-air-de-printemps\/#breadcrumb"},"inLanguage":"fr-FR","potentialAction":[{"@type":"ReadAction","target":["https:\/\/www.robert-kerr.com\/fr\/2016\/03\/18\/comme-un-air-de-printemps\/"]}]},{"@type":"ImageObject","inLanguage":"fr-FR","@id":"https:\/\/www.robert-kerr.com\/fr\/2016\/03\/18\/comme-un-air-de-printemps\/#primaryimage","url":"https:\/\/www.robert-kerr.com\/wp-content\/uploads\/2015\/11\/20151114_172259.jpg","contentUrl":"https:\/\/www.robert-kerr.com\/wp-content\/uploads\/2015\/11\/20151114_172259.jpg","width":800,"height":450},{"@type":"BreadcrumbList","@id":"https:\/\/www.robert-kerr.com\/fr\/2016\/03\/18\/comme-un-air-de-printemps\/#breadcrumb","itemListElement":[{"@type":"ListItem","position":1,"name":"Accueil","item":"https:\/\/www.robert-kerr.com\/fr\/"},{"@type":"ListItem","position":2,"name":"Comme un air de Printemps&#8230;"}]},{"@type":"WebSite","@id":"https:\/\/www.robert-kerr.com\/fr\/#website","url":"https:\/\/www.robert-kerr.com\/fr\/","name":"Maison Robert Kerr","description":"Talored clothing for men &amp; women since 1948","potentialAction":[{"@type":"SearchAction","target":{"@type":"EntryPoint","urlTemplate":"https:\/\/www.robert-kerr.com\/fr\/?s={search_term_string}"},"query-input":{"@type":"PropertyValueSpecification","valueRequired":true,"valueName":"search_term_string"}}],"inLanguage":"fr-FR"},{"@type":"Person","@id":"https:\/\/www.robert-kerr.com\/fr\/#\/schema\/person\/2163454e91f6d4584fc1b5ecfd52c0b6","name":"Jean-marc Prevost","image":{"@type":"ImageObject","inLanguage":"fr-FR","@id":"https:\/\/www.robert-kerr.com\/fr\/#\/schema\/person\/image\/","url":"https:\/\/secure.gravatar.com\/avatar\/98d2b2cd23fbc92c698f98bcc8b7f84cf35af70f52c368fc8cfee19204f11737?s=96&d=mm&r=g","contentUrl":"https:\/\/secure.gravatar.com\/avatar\/98d2b2cd23fbc92c698f98bcc8b7f84cf35af70f52c368fc8cfee19204f11737?s=96&d=mm&r=g","caption":"Jean-marc Prevost"},"url":"https:\/\/www.robert-kerr.com\/fr\/author\/prevost\/"}]}},"_links":{"self":[{"href":"https:\/\/www.robert-kerr.com\/fr\/wp-json\/wp\/v2\/posts\/4730","targetHints":{"allow":["GET"]}}],"collection":[{"href":"https:\/\/www.robert-kerr.com\/fr\/wp-json\/wp\/v2\/posts"}],"about":[{"href":"https:\/\/www.robert-kerr.com\/fr\/wp-json\/wp\/v2\/types\/post"}],"author":[{"embeddable":true,"href":"https:\/\/www.robert-kerr.com\/fr\/wp-json\/wp\/v2\/users\/1"}],"replies":[{"embeddable":true,"href":"https:\/\/www.robert-kerr.com\/fr\/wp-json\/wp\/v2\/comments?post=4730"}],"version-history":[{"count":2,"href":"https:\/\/www.robert-kerr.com\/fr\/wp-json\/wp\/v2\/posts\/4730\/revisions"}],"predecessor-version":[{"id":9706,"href":"https:\/\/www.robert-kerr.com\/fr\/wp-json\/wp\/v2\/posts\/4730\/revisions\/9706"}],"wp:featuredmedia":[{"embeddable":true,"href":"https:\/\/www.robert-kerr.com\/fr\/wp-json\/wp\/v2\/media\/4606"}],"wp:attachment":[{"href":"https:\/\/www.robert-kerr.com\/fr\/wp-json\/wp\/v2\/media?parent=4730"}],"wp:term":[{"taxonomy":"category","embeddable":true,"href":"https:\/\/www.robert-kerr.com\/fr\/wp-json\/wp\/v2\/categories?post=4730"},{"taxonomy":"post_tag","embeddable":true,"href":"https:\/\/www.robert-kerr.com\/fr\/wp-json\/wp\/v2\/tags?post=4730"}],"curies":[{"name":"wp","href":"https:\/\/api.w.org\/{rel}","templated":true}]}}