{"id":6972,"date":"2016-10-16T21:38:30","date_gmt":"2016-10-16T21:38:30","guid":{"rendered":"http:\/\/www.robert-kerr.com\/fr\/?p=6972"},"modified":"2017-12-26T09:35:22","modified_gmt":"2017-12-26T09:35:22","slug":"les-etoles-robert-kerr-pour-dormeuil","status":"publish","type":"post","link":"https:\/\/www.robert-kerr.com\/fr\/2016\/10\/16\/les-etoles-robert-kerr-pour-dormeuil\/","title":{"rendered":"Les \u00e9toles en cachemire Robert Kerr x Dormeuil"},"content":{"rendered":"<p style=\"text-align: justify;\">Pour le plus grand plaisir des passionn\u00e9s des pi\u00e8ces d\u2019exceptions, la Maison Robert Kerr vous propose une s\u00e9rie d\u2019\u00e9toles cr\u00e9\u00e9es en collaboration avec la Maison centenaire \u00ab <span style=\"color: #000080;\"><strong><a style=\"color: #000080;\" href=\"http:\/\/www.dormeuil.com\/fr\/\">Dormeuil <\/a><\/strong><\/span>\u00bb, qui depuis sa fondation en 1842 travaille avec passion les laines les plus pr\u00e9cieuses et notamment le cachemire. Ses somptueuses \u00e9toffes issues de la gamme \u00ab Dormeuil Cashmere Supr\u00eame \u00bb\u00a0 proviennent des steppes recul\u00e9es de Mongolie. Elles sont le fruit d\u2019une intense recherche ainsi que d\u2019une s\u00e9lection unique, pour \u00eatre tiss\u00e9es \u00e0 l\u2019ancienne dans la r\u00e9gion de C\u00f4me en Italie.<\/p>\n<p style=\"text-align: justify;\">Gardienne de ses pr\u00e9cieux tr\u00e9sors, la Maison Robert Kerr transforme ensuite dans son atelier parisien ces sublimes toisons en de grandes \u00e9charpes enti\u00e8rement roulott\u00e9es et effiloch\u00e9es \u00e0 la main. Pr\u00e8s de 2h30 d\u2019un travail minutieux sont n\u00e9cessaires \u00e0 nos couturi\u00e8res pour finaliser des pi\u00e8ces exceptionnelles d\u00e9clin\u00e9es en 4 couleurs; bleu canard, kaki, beige et prochainement tabac.<\/p>\n<p style=\"text-align: justify;\">Nul doute que vous tomberez sous le charme de cette douceur exceptionnelle, et de cet ouvrage unique, fruit des valeurs communes de nos Maisons et d\u2019un savoir faire artisanal si singulier.<\/p>\n<p style=\"text-align: justify;\">\n<p>&nbsp;<\/p>\n","protected":false},"excerpt":{"rendered":"<p>Pour le plus grand plaisir des passionn\u00e9s des pi\u00e8ces d\u2019exceptions, la Maison Robert Kerr vous propose une s\u00e9rie d\u2019\u00e9toles cr\u00e9\u00e9es en collaboration avec la Maison centenaire \u00ab Dormeuil \u00bb, qui depuis sa fondation en 1842 travaille avec passion les laines [&hellip;]<\/p>\n","protected":false},"author":1,"featured_media":7085,"comment_status":"open","ping_status":"open","sticky":false,"template":"","format":"standard","meta":{"_acf_changed":false,"footnotes":""},"categories":[95],"tags":[],"class_list":["post-6972","post","type-post","status-publish","format-standard","has-post-thumbnail","hentry","category-journal"],"acf":[],"yoast_head":"<!-- This site is optimized with the Yoast SEO plugin v25.4 - https:\/\/yoast.com\/wordpress\/plugins\/seo\/ -->\n<title>Les \u00e9toles en cachemire Robert Kerr x Dormeuil - Maison Robert Kerr<\/title>\n<meta name=\"robots\" content=\"index, follow, max-snippet:-1, max-image-preview:large, max-video-preview:-1\" \/>\n<link rel=\"canonical\" href=\"https:\/\/www.robert-kerr.com\/fr\/2016\/10\/16\/les-etoles-robert-kerr-pour-dormeuil\/\" \/>\n<meta property=\"og:locale\" content=\"fr_FR\" \/>\n<meta property=\"og:type\" content=\"article\" \/>\n<meta property=\"og:title\" content=\"Les \u00e9toles en cachemire Robert Kerr x Dormeuil - Maison Robert Kerr\" \/>\n<meta property=\"og:description\" content=\"Pour le plus grand plaisir des passionn\u00e9s des pi\u00e8ces d\u2019exceptions, la Maison Robert Kerr vous propose une s\u00e9rie d\u2019\u00e9toles cr\u00e9\u00e9es en collaboration avec la Maison centenaire \u00ab Dormeuil \u00bb, qui depuis sa fondation en 1842 travaille avec passion les laines [&hellip;]\" \/>\n<meta property=\"og:url\" content=\"https:\/\/www.robert-kerr.com\/fr\/2016\/10\/16\/les-etoles-robert-kerr-pour-dormeuil\/\" \/>\n<meta property=\"og:site_name\" content=\"Maison Robert Kerr\" \/>\n<meta property=\"article:published_time\" content=\"2016-10-16T21:38:30+00:00\" \/>\n<meta property=\"article:modified_time\" content=\"2017-12-26T09:35:22+00:00\" \/>\n<meta property=\"og:image\" content=\"https:\/\/www.robert-kerr.com\/wp-content\/uploads\/2016\/10\/Close-up-peacock-blue-Dormeuil-scarf-blog-e1479160458946.jpg\" \/>\n\t<meta property=\"og:image:width\" content=\"1000\" \/>\n\t<meta property=\"og:image:height\" content=\"325\" \/>\n\t<meta property=\"og:image:type\" content=\"image\/jpeg\" \/>\n<meta name=\"author\" content=\"Jean-marc Prevost\" \/>\n<meta name=\"twitter:card\" content=\"summary_large_image\" \/>\n<meta name=\"twitter:label1\" content=\"\u00c9crit par\" \/>\n\t<meta name=\"twitter:data1\" content=\"Jean-marc Prevost\" \/>\n\t<meta name=\"twitter:label2\" content=\"Dur\u00e9e de lecture estim\u00e9e\" \/>\n\t<meta name=\"twitter:data2\" content=\"1 minute\" \/>\n<script type=\"application\/ld+json\" class=\"yoast-schema-graph\">{\"@context\":\"https:\/\/schema.org\",\"@graph\":[{\"@type\":\"WebPage\",\"@id\":\"https:\/\/www.robert-kerr.com\/fr\/2016\/10\/16\/les-etoles-robert-kerr-pour-dormeuil\/\",\"url\":\"https:\/\/www.robert-kerr.com\/fr\/2016\/10\/16\/les-etoles-robert-kerr-pour-dormeuil\/\",\"name\":\"Les \u00e9toles en cachemire Robert Kerr x Dormeuil - Maison Robert Kerr\",\"isPartOf\":{\"@id\":\"https:\/\/www.robert-kerr.com\/fr\/#website\"},\"primaryImageOfPage\":{\"@id\":\"https:\/\/www.robert-kerr.com\/fr\/2016\/10\/16\/les-etoles-robert-kerr-pour-dormeuil\/#primaryimage\"},\"image\":{\"@id\":\"https:\/\/www.robert-kerr.com\/fr\/2016\/10\/16\/les-etoles-robert-kerr-pour-dormeuil\/#primaryimage\"},\"thumbnailUrl\":\"https:\/\/www.robert-kerr.com\/wp-content\/uploads\/2016\/10\/close-up-peacock-blue-dormeuil-scarf-blog-e1479160458946.jpg\",\"datePublished\":\"2016-10-16T21:38:30+00:00\",\"dateModified\":\"2017-12-26T09:35:22+00:00\",\"author\":{\"@id\":\"https:\/\/www.robert-kerr.com\/fr\/#\/schema\/person\/2163454e91f6d4584fc1b5ecfd52c0b6\"},\"breadcrumb\":{\"@id\":\"https:\/\/www.robert-kerr.com\/fr\/2016\/10\/16\/les-etoles-robert-kerr-pour-dormeuil\/#breadcrumb\"},\"inLanguage\":\"fr-FR\",\"potentialAction\":[{\"@type\":\"ReadAction\",\"target\":[\"https:\/\/www.robert-kerr.com\/fr\/2016\/10\/16\/les-etoles-robert-kerr-pour-dormeuil\/\"]}]},{\"@type\":\"ImageObject\",\"inLanguage\":\"fr-FR\",\"@id\":\"https:\/\/www.robert-kerr.com\/fr\/2016\/10\/16\/les-etoles-robert-kerr-pour-dormeuil\/#primaryimage\",\"url\":\"https:\/\/www.robert-kerr.com\/wp-content\/uploads\/2016\/10\/close-up-peacock-blue-dormeuil-scarf-blog-e1479160458946.jpg\",\"contentUrl\":\"https:\/\/www.robert-kerr.com\/wp-content\/uploads\/2016\/10\/close-up-peacock-blue-dormeuil-scarf-blog-e1479160458946.jpg\",\"width\":1000,\"height\":325},{\"@type\":\"BreadcrumbList\",\"@id\":\"https:\/\/www.robert-kerr.com\/fr\/2016\/10\/16\/les-etoles-robert-kerr-pour-dormeuil\/#breadcrumb\",\"itemListElement\":[{\"@type\":\"ListItem\",\"position\":1,\"name\":\"Accueil\",\"item\":\"https:\/\/www.robert-kerr.com\/fr\/\"},{\"@type\":\"ListItem\",\"position\":2,\"name\":\"Les \u00e9toles en cachemire Robert Kerr x Dormeuil\"}]},{\"@type\":\"WebSite\",\"@id\":\"https:\/\/www.robert-kerr.com\/fr\/#website\",\"url\":\"https:\/\/www.robert-kerr.com\/fr\/\",\"name\":\"Maison Robert Kerr\",\"description\":\"Talored clothing for men &amp; women since 1948\",\"potentialAction\":[{\"@type\":\"SearchAction\",\"target\":{\"@type\":\"EntryPoint\",\"urlTemplate\":\"https:\/\/www.robert-kerr.com\/fr\/?s={search_term_string}\"},\"query-input\":{\"@type\":\"PropertyValueSpecification\",\"valueRequired\":true,\"valueName\":\"search_term_string\"}}],\"inLanguage\":\"fr-FR\"},{\"@type\":\"Person\",\"@id\":\"https:\/\/www.robert-kerr.com\/fr\/#\/schema\/person\/2163454e91f6d4584fc1b5ecfd52c0b6\",\"name\":\"Jean-marc Prevost\",\"image\":{\"@type\":\"ImageObject\",\"inLanguage\":\"fr-FR\",\"@id\":\"https:\/\/www.robert-kerr.com\/fr\/#\/schema\/person\/image\/\",\"url\":\"https:\/\/secure.gravatar.com\/avatar\/98d2b2cd23fbc92c698f98bcc8b7f84cf35af70f52c368fc8cfee19204f11737?s=96&d=mm&r=g\",\"contentUrl\":\"https:\/\/secure.gravatar.com\/avatar\/98d2b2cd23fbc92c698f98bcc8b7f84cf35af70f52c368fc8cfee19204f11737?s=96&d=mm&r=g\",\"caption\":\"Jean-marc Prevost\"},\"url\":\"https:\/\/www.robert-kerr.com\/fr\/author\/prevost\/\"}]}<\/script>\n<!-- \/ Yoast SEO plugin. -->","yoast_head_json":{"title":"Les \u00e9toles en cachemire Robert Kerr x Dormeuil - Maison Robert Kerr","robots":{"index":"index","follow":"follow","max-snippet":"max-snippet:-1","max-image-preview":"max-image-preview:large","max-video-preview":"max-video-preview:-1"},"canonical":"https:\/\/www.robert-kerr.com\/fr\/2016\/10\/16\/les-etoles-robert-kerr-pour-dormeuil\/","og_locale":"fr_FR","og_type":"article","og_title":"Les \u00e9toles en cachemire Robert Kerr x Dormeuil - Maison Robert Kerr","og_description":"Pour le plus grand plaisir des passionn\u00e9s des pi\u00e8ces d\u2019exceptions, la Maison Robert Kerr vous propose une s\u00e9rie d\u2019\u00e9toles cr\u00e9\u00e9es en collaboration avec la Maison centenaire \u00ab Dormeuil \u00bb, qui depuis sa fondation en 1842 travaille avec passion les laines [&hellip;]","og_url":"https:\/\/www.robert-kerr.com\/fr\/2016\/10\/16\/les-etoles-robert-kerr-pour-dormeuil\/","og_site_name":"Maison Robert Kerr","article_published_time":"2016-10-16T21:38:30+00:00","article_modified_time":"2017-12-26T09:35:22+00:00","og_image":[{"width":1000,"height":325,"url":"https:\/\/www.robert-kerr.com\/wp-content\/uploads\/2016\/10\/Close-up-peacock-blue-Dormeuil-scarf-blog-e1479160458946.jpg","type":"image\/jpeg"}],"author":"Jean-marc Prevost","twitter_card":"summary_large_image","twitter_misc":{"\u00c9crit par":"Jean-marc Prevost","Dur\u00e9e de lecture estim\u00e9e":"1 minute"},"schema":{"@context":"https:\/\/schema.org","@graph":[{"@type":"WebPage","@id":"https:\/\/www.robert-kerr.com\/fr\/2016\/10\/16\/les-etoles-robert-kerr-pour-dormeuil\/","url":"https:\/\/www.robert-kerr.com\/fr\/2016\/10\/16\/les-etoles-robert-kerr-pour-dormeuil\/","name":"Les \u00e9toles en cachemire Robert Kerr x Dormeuil - Maison Robert Kerr","isPartOf":{"@id":"https:\/\/www.robert-kerr.com\/fr\/#website"},"primaryImageOfPage":{"@id":"https:\/\/www.robert-kerr.com\/fr\/2016\/10\/16\/les-etoles-robert-kerr-pour-dormeuil\/#primaryimage"},"image":{"@id":"https:\/\/www.robert-kerr.com\/fr\/2016\/10\/16\/les-etoles-robert-kerr-pour-dormeuil\/#primaryimage"},"thumbnailUrl":"https:\/\/www.robert-kerr.com\/wp-content\/uploads\/2016\/10\/close-up-peacock-blue-dormeuil-scarf-blog-e1479160458946.jpg","datePublished":"2016-10-16T21:38:30+00:00","dateModified":"2017-12-26T09:35:22+00:00","author":{"@id":"https:\/\/www.robert-kerr.com\/fr\/#\/schema\/person\/2163454e91f6d4584fc1b5ecfd52c0b6"},"breadcrumb":{"@id":"https:\/\/www.robert-kerr.com\/fr\/2016\/10\/16\/les-etoles-robert-kerr-pour-dormeuil\/#breadcrumb"},"inLanguage":"fr-FR","potentialAction":[{"@type":"ReadAction","target":["https:\/\/www.robert-kerr.com\/fr\/2016\/10\/16\/les-etoles-robert-kerr-pour-dormeuil\/"]}]},{"@type":"ImageObject","inLanguage":"fr-FR","@id":"https:\/\/www.robert-kerr.com\/fr\/2016\/10\/16\/les-etoles-robert-kerr-pour-dormeuil\/#primaryimage","url":"https:\/\/www.robert-kerr.com\/wp-content\/uploads\/2016\/10\/close-up-peacock-blue-dormeuil-scarf-blog-e1479160458946.jpg","contentUrl":"https:\/\/www.robert-kerr.com\/wp-content\/uploads\/2016\/10\/close-up-peacock-blue-dormeuil-scarf-blog-e1479160458946.jpg","width":1000,"height":325},{"@type":"BreadcrumbList","@id":"https:\/\/www.robert-kerr.com\/fr\/2016\/10\/16\/les-etoles-robert-kerr-pour-dormeuil\/#breadcrumb","itemListElement":[{"@type":"ListItem","position":1,"name":"Accueil","item":"https:\/\/www.robert-kerr.com\/fr\/"},{"@type":"ListItem","position":2,"name":"Les \u00e9toles en cachemire Robert Kerr x Dormeuil"}]},{"@type":"WebSite","@id":"https:\/\/www.robert-kerr.com\/fr\/#website","url":"https:\/\/www.robert-kerr.com\/fr\/","name":"Maison Robert Kerr","description":"Talored clothing for men &amp; women since 1948","potentialAction":[{"@type":"SearchAction","target":{"@type":"EntryPoint","urlTemplate":"https:\/\/www.robert-kerr.com\/fr\/?s={search_term_string}"},"query-input":{"@type":"PropertyValueSpecification","valueRequired":true,"valueName":"search_term_string"}}],"inLanguage":"fr-FR"},{"@type":"Person","@id":"https:\/\/www.robert-kerr.com\/fr\/#\/schema\/person\/2163454e91f6d4584fc1b5ecfd52c0b6","name":"Jean-marc Prevost","image":{"@type":"ImageObject","inLanguage":"fr-FR","@id":"https:\/\/www.robert-kerr.com\/fr\/#\/schema\/person\/image\/","url":"https:\/\/secure.gravatar.com\/avatar\/98d2b2cd23fbc92c698f98bcc8b7f84cf35af70f52c368fc8cfee19204f11737?s=96&d=mm&r=g","contentUrl":"https:\/\/secure.gravatar.com\/avatar\/98d2b2cd23fbc92c698f98bcc8b7f84cf35af70f52c368fc8cfee19204f11737?s=96&d=mm&r=g","caption":"Jean-marc Prevost"},"url":"https:\/\/www.robert-kerr.com\/fr\/author\/prevost\/"}]}},"_links":{"self":[{"href":"https:\/\/www.robert-kerr.com\/fr\/wp-json\/wp\/v2\/posts\/6972","targetHints":{"allow":["GET"]}}],"collection":[{"href":"https:\/\/www.robert-kerr.com\/fr\/wp-json\/wp\/v2\/posts"}],"about":[{"href":"https:\/\/www.robert-kerr.com\/fr\/wp-json\/wp\/v2\/types\/post"}],"author":[{"embeddable":true,"href":"https:\/\/www.robert-kerr.com\/fr\/wp-json\/wp\/v2\/users\/1"}],"replies":[{"embeddable":true,"href":"https:\/\/www.robert-kerr.com\/fr\/wp-json\/wp\/v2\/comments?post=6972"}],"version-history":[{"count":3,"href":"https:\/\/www.robert-kerr.com\/fr\/wp-json\/wp\/v2\/posts\/6972\/revisions"}],"predecessor-version":[{"id":10020,"href":"https:\/\/www.robert-kerr.com\/fr\/wp-json\/wp\/v2\/posts\/6972\/revisions\/10020"}],"wp:featuredmedia":[{"embeddable":true,"href":"https:\/\/www.robert-kerr.com\/fr\/wp-json\/wp\/v2\/media\/7085"}],"wp:attachment":[{"href":"https:\/\/www.robert-kerr.com\/fr\/wp-json\/wp\/v2\/media?parent=6972"}],"wp:term":[{"taxonomy":"category","embeddable":true,"href":"https:\/\/www.robert-kerr.com\/fr\/wp-json\/wp\/v2\/categories?post=6972"},{"taxonomy":"post_tag","embeddable":true,"href":"https:\/\/www.robert-kerr.com\/fr\/wp-json\/wp\/v2\/tags?post=6972"}],"curies":[{"name":"wp","href":"https:\/\/api.w.org\/{rel}","templated":true}]}}